{"id":4288,"date":"2022-10-24T11:20:05","date_gmt":"2022-10-24T08:20:05","guid":{"rendered":"https:\/\/ikonideea.ro\/news\/fraven-si-ikon-ideea-o-colaborare-de-peste-10-ani\/"},"modified":"2022-10-24T11:20:05","modified_gmt":"2022-10-24T08:20:05","slug":"fraven-si-ikon-ideea-o-colaborare-de-peste-10-ani","status":"publish","type":"post","link":"https:\/\/ikonideea.ro\/ro\/news\/fraven-si-ikon-ideea-o-colaborare-de-peste-10-ani\/","title":{"rendered":"Fraven \u0219i Ikon Ideea: o colaborare de peste 10 ani"},"content":{"rendered":"<p>Colaborarea cu firma <strong>Fraven <\/strong>a \u00eenceput \u00een anul 2011 pentru contractarea extinderii halei de produc\u021bie pe care compania o de\u021binea \u00een ora\u0219ul Zal\u0103u. Odat\u0103 finalizat acest prim proiect \u0219i mul\u021bumi\u021bi fiind de desf\u0103\u0219urarea colabor\u0103rii, cei de la <strong>Fraven<\/strong> au ales<strong> Ikon Ideea<\/strong> ca partener pentru dezvoltarea urm\u0103toarelor proiecte.<\/p>\n<p>Grupul Italian a decis s\u0103 se extind\u0103 prin achizi\u021bia unui teren \u00een parcul industrial de la Jibou, unde am derulat mai multe proiecte \u00eencep\u00e2nd cu 2012, toate halele industriale fiind proiectate cu structur\u0103 de rezisten\u021b\u0103 din o\u021bel, iar anvelop\u0103rile cu panouri tip sandwich:<\/p>\n<ul>\n<li>\n<h4><strong>Jibou 1 (anul 2012)<\/strong><\/h4>\n<\/li>\n<\/ul>\n<p>O hal\u0103 industrial\u0103 de 2700m<sup>2<\/sup> pentru produc\u021bie, prev\u0103zut\u0103 \u0219i cu o zon\u0103 de birouri de aproximativ 200m<sup>2<\/sup>;<\/p>\n<ul>\n<li>\n<h4><strong>Jibou 2 (anul 2014)<\/strong><\/h4>\n<\/li>\n<\/ul>\n<p>O hal\u0103 industrial\u0103 de 2700m<sup>2<\/sup>, cu o zon\u0103 de birouri de 200m<sup>2<\/sup>, iar pentru prima dat\u0103, s-a introdus solu\u021bia de rampe modulare pentru \u00eenc\u0103rcarea tirurilor;<\/p>\n<p><img loading=\"lazy\" decoding=\"async\" class=\"aligncenter wp-image-4269 size-large\" src=\"https:\/\/ikonideea.ro\/wp-content\/uploads\/2022\/10\/Fraven-2-2-1024x573.jpg\" alt=\"fraven 2-2\" width=\"800\" height=\"448\" srcset=\"https:\/\/ikonideea.ro\/wp-content\/uploads\/2022\/10\/Fraven-2-2-1024x573.jpg 1024w, https:\/\/ikonideea.ro\/wp-content\/uploads\/2022\/10\/Fraven-2-2-300x168.jpg 300w, https:\/\/ikonideea.ro\/wp-content\/uploads\/2022\/10\/Fraven-2-2-768x430.jpg 768w, https:\/\/ikonideea.ro\/wp-content\/uploads\/2022\/10\/Fraven-2-2.jpg 1184w\" sizes=\"auto, (max-width: 800px) 100vw, 800px\" \/> <img loading=\"lazy\" decoding=\"async\" class=\"aligncenter wp-image-4271 size-large\" src=\"https:\/\/ikonideea.ro\/wp-content\/uploads\/2022\/10\/Fraven-2-3-1024x574.jpg\" alt=\"fraven 2-3\" width=\"800\" height=\"448\" srcset=\"https:\/\/ikonideea.ro\/wp-content\/uploads\/2022\/10\/Fraven-2-3-1024x574.jpg 1024w, https:\/\/ikonideea.ro\/wp-content\/uploads\/2022\/10\/Fraven-2-3-300x168.jpg 300w, https:\/\/ikonideea.ro\/wp-content\/uploads\/2022\/10\/Fraven-2-3-768x430.jpg 768w, https:\/\/ikonideea.ro\/wp-content\/uploads\/2022\/10\/Fraven-2-3.jpg 1431w\" sizes=\"auto, (max-width: 800px) 100vw, 800px\" \/><\/p>\n<ul>\n<li>\n<h4><strong>Jibou 3 (anul 2018)<\/strong><\/h4>\n<\/li>\n<\/ul>\n<p>O hal\u0103 industrial\u0103 de 2700m<sup>2 <\/sup>, cu aceea\u0219i zon\u0103 de birouri \u0219i rampe modulare. Datorit\u0103 particularit\u0103\u021bilor terenului, a fost integrat un zid de sprijin \u00een structura de rezisten\u021b\u0103 a halei, cu un efect arhitectural aparte, dar \u0219i cu o provocare \u00een ingineria de rezisten\u021b\u0103 \u0219i de execu\u021bie;<\/p>\n<p><img loading=\"lazy\" decoding=\"async\" class=\"aligncenter wp-image-4276 size-large\" src=\"https:\/\/ikonideea.ro\/wp-content\/uploads\/2022\/10\/Fraven-3-2-1024x768.jpg\" alt=\"fraven 3-2\" width=\"800\" height=\"600\" srcset=\"https:\/\/ikonideea.ro\/wp-content\/uploads\/2022\/10\/Fraven-3-2-1024x768.jpg 1024w, https:\/\/ikonideea.ro\/wp-content\/uploads\/2022\/10\/Fraven-3-2-300x225.jpg 300w, https:\/\/ikonideea.ro\/wp-content\/uploads\/2022\/10\/Fraven-3-2-768x576.jpg 768w, https:\/\/ikonideea.ro\/wp-content\/uploads\/2022\/10\/Fraven-3-2.jpg 1431w\" sizes=\"auto, (max-width: 800px) 100vw, 800px\" \/> <img loading=\"lazy\" decoding=\"async\" class=\"aligncenter wp-image-4278 size-large\" src=\"https:\/\/ikonideea.ro\/wp-content\/uploads\/2022\/10\/Fraven-3-1-1024x768.jpg\" alt=\"fraven 3-1\" width=\"800\" height=\"600\" srcset=\"https:\/\/ikonideea.ro\/wp-content\/uploads\/2022\/10\/Fraven-3-1-1024x768.jpg 1024w, https:\/\/ikonideea.ro\/wp-content\/uploads\/2022\/10\/Fraven-3-1-300x225.jpg 300w, https:\/\/ikonideea.ro\/wp-content\/uploads\/2022\/10\/Fraven-3-1-768x576.jpg 768w, https:\/\/ikonideea.ro\/wp-content\/uploads\/2022\/10\/Fraven-3-1.jpg 1431w\" sizes=\"auto, (max-width: 800px) 100vw, 800px\" \/><\/p>\n<ul>\n<li>\n<h4><strong>Jibou 4 ( anul 2021)<\/strong><\/h4>\n<\/li>\n<\/ul>\n<p>O hal\u0103 industrial\u0103 de 5000m<sup>2<\/sup> care devine \u0219i sediul principal al companiei \u00een Rom\u00e2nia. De aici \u0219i necesitatea unei suprafe\u021be mai mari de birouri \u0219i spa\u021bii servicii \u2013 \u00a0peste 600m<sup>2<\/sup> ce au presupus lucr\u0103ri de finis\u0103ri interioare, amenaj\u0103ri, etc.<\/p>\n<p><img loading=\"lazy\" decoding=\"async\" class=\"aligncenter wp-image-4281 size-large\" src=\"https:\/\/ikonideea.ro\/wp-content\/uploads\/2022\/10\/Fraven-4-1024x768.jpg\" alt=\"fraven 4-1\" width=\"800\" height=\"600\" srcset=\"https:\/\/ikonideea.ro\/wp-content\/uploads\/2022\/10\/Fraven-4-1024x768.jpg 1024w, https:\/\/ikonideea.ro\/wp-content\/uploads\/2022\/10\/Fraven-4-300x225.jpg 300w, https:\/\/ikonideea.ro\/wp-content\/uploads\/2022\/10\/Fraven-4-768x576.jpg 768w, https:\/\/ikonideea.ro\/wp-content\/uploads\/2022\/10\/Fraven-4.jpg 1431w\" sizes=\"auto, (max-width: 800px) 100vw, 800px\" \/> <img loading=\"lazy\" decoding=\"async\" class=\"aligncenter wp-image-4283 size-large\" src=\"https:\/\/ikonideea.ro\/wp-content\/uploads\/2022\/10\/Fraven-4-1-1024x576.jpg\" alt=\"fraven 4-2\" width=\"800\" height=\"450\" srcset=\"https:\/\/ikonideea.ro\/wp-content\/uploads\/2022\/10\/Fraven-4-1-1024x576.jpg 1024w, https:\/\/ikonideea.ro\/wp-content\/uploads\/2022\/10\/Fraven-4-1-300x169.jpg 300w, https:\/\/ikonideea.ro\/wp-content\/uploads\/2022\/10\/Fraven-4-1-768x432.jpg 768w, https:\/\/ikonideea.ro\/wp-content\/uploads\/2022\/10\/Fraven-4-1.jpg 1328w\" sizes=\"auto, (max-width: 800px) 100vw, 800px\" \/><\/p>\n<p>&nbsp;<\/p>\n<p>Pentru finalizarea acestor proiecte, am avut \u0219ansa s\u0103 proiect\u0103m, livr\u0103m \u0219i instal\u0103m peste 800 de tone de confec\u021bie metalic\u0103. De asemenea, am livrat \u0219i am instalat 20 000m<sup>2 <\/sup>de panouri tip sandwich.<\/p>\n<p>Pentru restul categoriilor de lucr\u0103ri din aceste proiecte, am dezvoltat parteneriate durabile \u0219i de calitate cu firme specializate \u00een arii ca:<\/p>\n<ul>\n<li>t\u00e2mpl\u0103rie PVC \u0219i de aluminiu;<\/li>\n<li>finisaje \u0219i amenaj\u0103ri interioare;<\/li>\n<li>pardoseli industriale;<\/li>\n<li>instala\u021bii.<\/li>\n<\/ul>\n<p><strong>Ikon Ideea <\/strong>este o firm\u0103 specializat\u0103 \u00een proiectarea, execu\u021bia \u0219i montajul structurilor metalice. \u00cencep\u00e2nd cu 2014, am dezvoltat intern \u0219i activitatea de montaj a panourilor sandwich, lucru la care devenim din ce \u00een ce mai bine preg\u0103ti\u021bi.<\/p>\n<p>Evolu\u021bia a fost vizibil\u0103 de la un proiect la altul. De fiecare dat\u0103 am \u00eencercat s\u0103 ne \u00eencadr\u0103m \u00een termene \u0219i \u00een buget, f\u0103r\u0103 a face rabat de la calitate, fapt ce ne-a ajutat de \u00eembun\u0103t\u0103\u021birea serviciilor oferite. Am ascultat cu mare aten\u021bie dorin\u021bele beneficiarului \u0219i am \u00eencercat \u00een permanen\u021b\u0103 s\u0103 aliniem proiectul la viziunea acestuia.<\/p>\n","protected":false},"excerpt":{"rendered":"<p>Colaborarea cu firma Fraven a \u00eenceput \u00een anul 2011 pentru contractarea extinderii halei de produc\u021bie pe care compania o de\u021binea \u00een ora\u0219ul Zal\u0103u. Odat\u0103 finalizat acest prim proiect \u0219i mul\u021bumi\u021bi fiind de desf\u0103\u0219urarea colabor\u0103rii, cei de la Fraven au ales Ikon Ideea ca partener pentru dezvoltarea urm\u0103toarelor proiecte. Grupul Italian a decis s\u0103 se extind\u0103 [&hellip;]<\/p>\n","protected":false},"author":2,"featured_media":4286,"comment_status":"open","ping_status":"open","sticky":false,"template":"","format":"standard","meta":{"footnotes":""},"categories":[42],"tags":[55,56,57,46,58,49],"class_list":["post-4288","post","type-post","status-publish","format-standard","has-post-thumbnail","hentry","category-studii-de-caz","tag-fraven-ro","tag-hale-industriale-ro","tag-hale-productie-ro","tag-proiecte-ikon-ideea-ro","tag-spatiu-birouri-ro","tag-structuri-metalice-ro"],"acf":[],"yoast_head":"<!-- This site is optimized with the Yoast SEO plugin v19.9 - https:\/\/yoast.com\/wordpress\/plugins\/seo\/ -->\n<title>Fraven \u0219i Ikon Ideea: o colaborare de peste 10 ani - Ikon Ideea<\/title>\n<meta name=\"robots\" content=\"index, follow, max-snippet:-1, max-image-preview:large, max-video-preview:-1\" \/>\n<link rel=\"canonical\" href=\"https:\/\/ikonideea.ro\/ro\/news\/fraven-si-ikon-ideea-o-colaborare-de-peste-10-ani\/\" \/>\n<meta property=\"og:locale\" content=\"ro_RO\" \/>\n<meta property=\"og:type\" content=\"article\" \/>\n<meta property=\"og:title\" content=\"Fraven \u0219i Ikon Ideea: o colaborare de peste 10 ani - Ikon Ideea\" \/>\n<meta property=\"og:description\" content=\"Colaborarea cu firma Fraven a \u00eenceput \u00een anul 2011 pentru contractarea extinderii halei de produc\u021bie pe care compania o de\u021binea \u00een ora\u0219ul Zal\u0103u. Odat\u0103 finalizat acest prim proiect \u0219i mul\u021bumi\u021bi fiind de desf\u0103\u0219urarea colabor\u0103rii, cei de la Fraven au ales Ikon Ideea ca partener pentru dezvoltarea urm\u0103toarelor proiecte. Grupul Italian a decis s\u0103 se extind\u0103 [&hellip;]\" \/>\n<meta property=\"og:url\" content=\"https:\/\/ikonideea.ro\/ro\/news\/fraven-si-ikon-ideea-o-colaborare-de-peste-10-ani\/\" \/>\n<meta property=\"og:site_name\" content=\"Ikon Ideea\" \/>\n<meta property=\"article:published_time\" content=\"2022-10-24T08:20:05+00:00\" \/>\n<meta property=\"og:image\" content=\"https:\/\/ikonideea.ro\/wp-content\/uploads\/2022\/10\/Fraven-2-2-1024x573.jpg\" \/>\n<meta name=\"author\" content=\"tudor.gadalean\" \/>\n<meta name=\"twitter:card\" content=\"summary_large_image\" \/>\n<meta name=\"twitter:label1\" content=\"Scris de\" \/>\n\t<meta name=\"twitter:data1\" content=\"tudor.gadalean\" \/>\n\t<meta name=\"twitter:label2\" content=\"Timp estimat pentru citire\" \/>\n\t<meta name=\"twitter:data2\" content=\"2 minute\" \/>\n<script type=\"application\/ld+json\" class=\"yoast-schema-graph\">{\"@context\":\"https:\/\/schema.org\",\"@graph\":[{\"@type\":\"Article\",\"@id\":\"https:\/\/ikonideea.ro\/ro\/news\/fraven-si-ikon-ideea-o-colaborare-de-peste-10-ani\/#article\",\"isPartOf\":{\"@id\":\"https:\/\/ikonideea.ro\/ro\/news\/fraven-si-ikon-ideea-o-colaborare-de-peste-10-ani\/\"},\"author\":{\"name\":\"tudor.gadalean\",\"@id\":\"https:\/\/ikonideea.ro\/ro\/#\/schema\/person\/69359d6e42573ec39add0eb158368b7e\"},\"headline\":\"Fraven \u0219i Ikon Ideea: o colaborare de peste 10 ani\",\"datePublished\":\"2022-10-24T08:20:05+00:00\",\"dateModified\":\"2022-10-24T08:20:05+00:00\",\"mainEntityOfPage\":{\"@id\":\"https:\/\/ikonideea.ro\/ro\/news\/fraven-si-ikon-ideea-o-colaborare-de-peste-10-ani\/\"},\"wordCount\":434,\"commentCount\":0,\"publisher\":{\"@id\":\"https:\/\/ikonideea.ro\/ro\/#organization\"},\"keywords\":[\"fraven\",\"hale industriale\",\"hale productie\",\"proiecte ikon ideea\",\"spatiu birouri\",\"structuri metalice\"],\"articleSection\":[\"Studii de Caz\"],\"inLanguage\":\"ro-RO\",\"potentialAction\":[{\"@type\":\"CommentAction\",\"name\":\"Comment\",\"target\":[\"https:\/\/ikonideea.ro\/ro\/news\/fraven-si-ikon-ideea-o-colaborare-de-peste-10-ani\/#respond\"]}]},{\"@type\":\"WebPage\",\"@id\":\"https:\/\/ikonideea.ro\/ro\/news\/fraven-si-ikon-ideea-o-colaborare-de-peste-10-ani\/\",\"url\":\"https:\/\/ikonideea.ro\/ro\/news\/fraven-si-ikon-ideea-o-colaborare-de-peste-10-ani\/\",\"name\":\"Fraven \u0219i Ikon Ideea: o colaborare de peste 10 ani - Ikon Ideea\",\"isPartOf\":{\"@id\":\"https:\/\/ikonideea.ro\/ro\/#website\"},\"datePublished\":\"2022-10-24T08:20:05+00:00\",\"dateModified\":\"2022-10-24T08:20:05+00:00\",\"breadcrumb\":{\"@id\":\"https:\/\/ikonideea.ro\/ro\/news\/fraven-si-ikon-ideea-o-colaborare-de-peste-10-ani\/#breadcrumb\"},\"inLanguage\":\"ro-RO\",\"potentialAction\":[{\"@type\":\"ReadAction\",\"target\":[\"https:\/\/ikonideea.ro\/ro\/news\/fraven-si-ikon-ideea-o-colaborare-de-peste-10-ani\/\"]}]},{\"@type\":\"BreadcrumbList\",\"@id\":\"https:\/\/ikonideea.ro\/ro\/news\/fraven-si-ikon-ideea-o-colaborare-de-peste-10-ani\/#breadcrumb\",\"itemListElement\":[{\"@type\":\"ListItem\",\"position\":1,\"name\":\"Home\",\"item\":\"https:\/\/ikonideea.ro\/ro\/acasa\/\"},{\"@type\":\"ListItem\",\"position\":2,\"name\":\"Fraven \u0219i Ikon Ideea: o colaborare de peste 10 ani\"}]},{\"@type\":\"WebSite\",\"@id\":\"https:\/\/ikonideea.ro\/ro\/#website\",\"url\":\"https:\/\/ikonideea.ro\/ro\/\",\"name\":\"Ikon Ideea\",\"description\":\"Ikon Ideea\",\"publisher\":{\"@id\":\"https:\/\/ikonideea.ro\/ro\/#organization\"},\"potentialAction\":[{\"@type\":\"SearchAction\",\"target\":{\"@type\":\"EntryPoint\",\"urlTemplate\":\"https:\/\/ikonideea.ro\/ro\/?s={search_term_string}\"},\"query-input\":\"required name=search_term_string\"}],\"inLanguage\":\"ro-RO\"},{\"@type\":\"Organization\",\"@id\":\"https:\/\/ikonideea.ro\/ro\/#organization\",\"name\":\"Ikon Ideea\",\"url\":\"https:\/\/ikonideea.ro\/ro\/\",\"logo\":{\"@type\":\"ImageObject\",\"inLanguage\":\"ro-RO\",\"@id\":\"https:\/\/ikonideea.ro\/ro\/#\/schema\/logo\/image\/\",\"url\":\"https:\/\/ikonideea.ro\/wp-content\/uploads\/2022\/01\/logo_ikon.svg\",\"contentUrl\":\"https:\/\/ikonideea.ro\/wp-content\/uploads\/2022\/01\/logo_ikon.svg\",\"width\":122,\"height\":33,\"caption\":\"Ikon Ideea\"},\"image\":{\"@id\":\"https:\/\/ikonideea.ro\/ro\/#\/schema\/logo\/image\/\"}},{\"@type\":\"Person\",\"@id\":\"https:\/\/ikonideea.ro\/ro\/#\/schema\/person\/69359d6e42573ec39add0eb158368b7e\",\"name\":\"tudor.gadalean\",\"image\":{\"@type\":\"ImageObject\",\"inLanguage\":\"ro-RO\",\"@id\":\"https:\/\/ikonideea.ro\/ro\/#\/schema\/person\/image\/\",\"url\":\"https:\/\/secure.gravatar.com\/avatar\/225d9bfb996d707fdc6206a37b4ac160119ebcb0a6388f1bf3d9e78ba60b51f8?s=96&d=mm&r=g\",\"contentUrl\":\"https:\/\/secure.gravatar.com\/avatar\/225d9bfb996d707fdc6206a37b4ac160119ebcb0a6388f1bf3d9e78ba60b51f8?s=96&d=mm&r=g\",\"caption\":\"tudor.gadalean\"},\"url\":\"https:\/\/ikonideea.ro\/ro\/news\/author\/tudor-gadalean\/\"}]}<\/script>\n<!-- \/ Yoast SEO plugin. -->","yoast_head_json":{"title":"Fraven \u0219i Ikon Ideea: o colaborare de peste 10 ani - Ikon Ideea","robots":{"index":"index","follow":"follow","max-snippet":"max-snippet:-1","max-image-preview":"max-image-preview:large","max-video-preview":"max-video-preview:-1"},"canonical":"https:\/\/ikonideea.ro\/ro\/news\/fraven-si-ikon-ideea-o-colaborare-de-peste-10-ani\/","og_locale":"ro_RO","og_type":"article","og_title":"Fraven \u0219i Ikon Ideea: o colaborare de peste 10 ani - Ikon Ideea","og_description":"Colaborarea cu firma Fraven a \u00eenceput \u00een anul 2011 pentru contractarea extinderii halei de produc\u021bie pe care compania o de\u021binea \u00een ora\u0219ul Zal\u0103u. Odat\u0103 finalizat acest prim proiect \u0219i mul\u021bumi\u021bi fiind de desf\u0103\u0219urarea colabor\u0103rii, cei de la Fraven au ales Ikon Ideea ca partener pentru dezvoltarea urm\u0103toarelor proiecte. Grupul Italian a decis s\u0103 se extind\u0103 [&hellip;]","og_url":"https:\/\/ikonideea.ro\/ro\/news\/fraven-si-ikon-ideea-o-colaborare-de-peste-10-ani\/","og_site_name":"Ikon Ideea","article_published_time":"2022-10-24T08:20:05+00:00","og_image":[{"url":"https:\/\/ikonideea.ro\/wp-content\/uploads\/2022\/10\/Fraven-2-2-1024x573.jpg"}],"author":"tudor.gadalean","twitter_card":"summary_large_image","twitter_misc":{"Scris de":"tudor.gadalean","Timp estimat pentru citire":"2 minute"},"schema":{"@context":"https:\/\/schema.org","@graph":[{"@type":"Article","@id":"https:\/\/ikonideea.ro\/ro\/news\/fraven-si-ikon-ideea-o-colaborare-de-peste-10-ani\/#article","isPartOf":{"@id":"https:\/\/ikonideea.ro\/ro\/news\/fraven-si-ikon-ideea-o-colaborare-de-peste-10-ani\/"},"author":{"name":"tudor.gadalean","@id":"https:\/\/ikonideea.ro\/ro\/#\/schema\/person\/69359d6e42573ec39add0eb158368b7e"},"headline":"Fraven \u0219i Ikon Ideea: o colaborare de peste 10 ani","datePublished":"2022-10-24T08:20:05+00:00","dateModified":"2022-10-24T08:20:05+00:00","mainEntityOfPage":{"@id":"https:\/\/ikonideea.ro\/ro\/news\/fraven-si-ikon-ideea-o-colaborare-de-peste-10-ani\/"},"wordCount":434,"commentCount":0,"publisher":{"@id":"https:\/\/ikonideea.ro\/ro\/#organization"},"keywords":["fraven","hale industriale","hale productie","proiecte ikon ideea","spatiu birouri","structuri metalice"],"articleSection":["Studii de Caz"],"inLanguage":"ro-RO","potentialAction":[{"@type":"CommentAction","name":"Comment","target":["https:\/\/ikonideea.ro\/ro\/news\/fraven-si-ikon-ideea-o-colaborare-de-peste-10-ani\/#respond"]}]},{"@type":"WebPage","@id":"https:\/\/ikonideea.ro\/ro\/news\/fraven-si-ikon-ideea-o-colaborare-de-peste-10-ani\/","url":"https:\/\/ikonideea.ro\/ro\/news\/fraven-si-ikon-ideea-o-colaborare-de-peste-10-ani\/","name":"Fraven \u0219i Ikon Ideea: o colaborare de peste 10 ani - Ikon Ideea","isPartOf":{"@id":"https:\/\/ikonideea.ro\/ro\/#website"},"datePublished":"2022-10-24T08:20:05+00:00","dateModified":"2022-10-24T08:20:05+00:00","breadcrumb":{"@id":"https:\/\/ikonideea.ro\/ro\/news\/fraven-si-ikon-ideea-o-colaborare-de-peste-10-ani\/#breadcrumb"},"inLanguage":"ro-RO","potentialAction":[{"@type":"ReadAction","target":["https:\/\/ikonideea.ro\/ro\/news\/fraven-si-ikon-ideea-o-colaborare-de-peste-10-ani\/"]}]},{"@type":"BreadcrumbList","@id":"https:\/\/ikonideea.ro\/ro\/news\/fraven-si-ikon-ideea-o-colaborare-de-peste-10-ani\/#breadcrumb","itemListElement":[{"@type":"ListItem","position":1,"name":"Home","item":"https:\/\/ikonideea.ro\/ro\/acasa\/"},{"@type":"ListItem","position":2,"name":"Fraven \u0219i Ikon Ideea: o colaborare de peste 10 ani"}]},{"@type":"WebSite","@id":"https:\/\/ikonideea.ro\/ro\/#website","url":"https:\/\/ikonideea.ro\/ro\/","name":"Ikon Ideea","description":"Ikon Ideea","publisher":{"@id":"https:\/\/ikonideea.ro\/ro\/#organization"},"potentialAction":[{"@type":"SearchAction","target":{"@type":"EntryPoint","urlTemplate":"https:\/\/ikonideea.ro\/ro\/?s={search_term_string}"},"query-input":"required name=search_term_string"}],"inLanguage":"ro-RO"},{"@type":"Organization","@id":"https:\/\/ikonideea.ro\/ro\/#organization","name":"Ikon Ideea","url":"https:\/\/ikonideea.ro\/ro\/","logo":{"@type":"ImageObject","inLanguage":"ro-RO","@id":"https:\/\/ikonideea.ro\/ro\/#\/schema\/logo\/image\/","url":"https:\/\/ikonideea.ro\/wp-content\/uploads\/2022\/01\/logo_ikon.svg","contentUrl":"https:\/\/ikonideea.ro\/wp-content\/uploads\/2022\/01\/logo_ikon.svg","width":122,"height":33,"caption":"Ikon Ideea"},"image":{"@id":"https:\/\/ikonideea.ro\/ro\/#\/schema\/logo\/image\/"}},{"@type":"Person","@id":"https:\/\/ikonideea.ro\/ro\/#\/schema\/person\/69359d6e42573ec39add0eb158368b7e","name":"tudor.gadalean","image":{"@type":"ImageObject","inLanguage":"ro-RO","@id":"https:\/\/ikonideea.ro\/ro\/#\/schema\/person\/image\/","url":"https:\/\/secure.gravatar.com\/avatar\/225d9bfb996d707fdc6206a37b4ac160119ebcb0a6388f1bf3d9e78ba60b51f8?s=96&d=mm&r=g","contentUrl":"https:\/\/secure.gravatar.com\/avatar\/225d9bfb996d707fdc6206a37b4ac160119ebcb0a6388f1bf3d9e78ba60b51f8?s=96&d=mm&r=g","caption":"tudor.gadalean"},"url":"https:\/\/ikonideea.ro\/ro\/news\/author\/tudor-gadalean\/"}]}},"_links":{"self":[{"href":"https:\/\/ikonideea.ro\/ro\/wp-json\/wp\/v2\/posts\/4288","targetHints":{"allow":["GET"]}}],"collection":[{"href":"https:\/\/ikonideea.ro\/ro\/wp-json\/wp\/v2\/posts"}],"about":[{"href":"https:\/\/ikonideea.ro\/ro\/wp-json\/wp\/v2\/types\/post"}],"author":[{"embeddable":true,"href":"https:\/\/ikonideea.ro\/ro\/wp-json\/wp\/v2\/users\/2"}],"replies":[{"embeddable":true,"href":"https:\/\/ikonideea.ro\/ro\/wp-json\/wp\/v2\/comments?post=4288"}],"version-history":[{"count":0,"href":"https:\/\/ikonideea.ro\/ro\/wp-json\/wp\/v2\/posts\/4288\/revisions"}],"wp:featuredmedia":[{"embeddable":true,"href":"https:\/\/ikonideea.ro\/ro\/wp-json\/wp\/v2\/media\/4286"}],"wp:attachment":[{"href":"https:\/\/ikonideea.ro\/ro\/wp-json\/wp\/v2\/media?parent=4288"}],"wp:term":[{"taxonomy":"category","embeddable":true,"href":"https:\/\/ikonideea.ro\/ro\/wp-json\/wp\/v2\/categories?post=4288"},{"taxonomy":"post_tag","embeddable":true,"href":"https:\/\/ikonideea.ro\/ro\/wp-json\/wp\/v2\/tags?post=4288"}],"curies":[{"name":"wp","href":"https:\/\/api.w.org\/{rel}","templated":true}]}}